{"id":423,"date":"2025-10-13T08:53:21","date_gmt":"2025-10-13T08:53:21","guid":{"rendered":"https:\/\/if.fo\/?p=423"},"modified":"2026-04-08T12:40:18","modified_gmt":"2026-04-08T12:40:18","slug":"if-hevdi-adalfund-17-september-har-m-a-nevndarval-var-a-skra","status":"publish","type":"post","link":"https:\/\/if.fo\/?p=423","title":{"rendered":"\u00cdF hev\u00f0i a\u00f0alfund 17. september, har m.a. nevndarval var \u00e1 skr\u00e1."},"content":{"rendered":"\n<p>Fyri vali st\u00f3\u00f0u R\u00f3i Dals\u00e1 og Fr\u00ed\u00f0i Reinert-Petersen. B\u00e1\u00f0ir stilla\u00f0u uppaftur og v\u00f3ru afturvaldir.<\/p>\n\n\n\n<p>Harumframt kom Leif Andre Eliasen, sum er eitt kent andlit \u00ed felagnum, innaftur sum tiltakslimur.<\/p>\n\n\n\n<p>A\u00f0alnevndin skipa\u00f0i seg solei\u00f0is:<\/p>\n\n\n\n<p>Njal Reinert-Petersen, forma\u00f0ur<\/p>\n\n\n\n<p>Fr\u00ed\u00f0i Reinert-Petersen, n\u00e6stforma\u00f0ur<\/p>\n\n\n\n<p>Atli Petersen, peningar\u00f8kil<\/p>\n\n\n\n<p>Fritleif \u00ed Lambanum, nevndarlimur<\/p>\n\n\n\n<p>Irdi E. Toftegaard, skrivari<\/p>\n\n\n\n<p>R\u00f3i Dals\u00e1, tiltakslimur<\/p>\n\n\n\n<p>Leif Andre Eliasen, tiltakslimur<\/p>\n","protected":false},"excerpt":{"rendered":"<p>Fyri vali st\u00f3\u00f0u R\u00f3i Dals\u00e1 og Fr\u00ed\u00f0i Reinert-Petersen. B\u00e1\u00f0ir stilla\u00f0u uppaftur og v\u00f3ru afturvaldir. Harumframt kom Leif Andre Eliasen, sum er eitt kent andlit \u00ed felagnum, innaftur sum tiltakslimur. A\u00f0alnevndin skipa\u00f0i seg solei\u00f0is: Njal Reinert-Petersen, forma\u00f0ur Fr\u00ed\u00f0i Reinert-Petersen, n\u00e6stforma\u00f0ur Atli Petersen, peningar\u00f8kil Fritleif \u00ed Lambanum, nevndarlimur Irdi E. Toftegaard, skrivari R\u00f3i Dals\u00e1, tiltakslimur Leif Andre [&hellip;]<\/p>\n","protected":false},"author":1,"featured_media":424,"comment_status":"closed","ping_status":"open","sticky":false,"template":"","format":"standard","meta":{"footnotes":""},"categories":[23],"tags":[],"class_list":["post-423","post","type-post","status-publish","format-standard","has-post-thumbnail","hentry","category-tidindi"],"_links":{"self":[{"href":"https:\/\/if.fo\/index.php?rest_route=\/wp\/v2\/posts\/423","targetHints":{"allow":["GET"]}}],"collection":[{"href":"https:\/\/if.fo\/index.php?rest_route=\/wp\/v2\/posts"}],"about":[{"href":"https:\/\/if.fo\/index.php?rest_route=\/wp\/v2\/types\/post"}],"author":[{"embeddable":true,"href":"https:\/\/if.fo\/index.php?rest_route=\/wp\/v2\/users\/1"}],"replies":[{"embeddable":true,"href":"https:\/\/if.fo\/index.php?rest_route=%2Fwp%2Fv2%2Fcomments&post=423"}],"version-history":[{"count":1,"href":"https:\/\/if.fo\/index.php?rest_route=\/wp\/v2\/posts\/423\/revisions"}],"predecessor-version":[{"id":425,"href":"https:\/\/if.fo\/index.php?rest_route=\/wp\/v2\/posts\/423\/revisions\/425"}],"wp:featuredmedia":[{"embeddable":true,"href":"https:\/\/if.fo\/index.php?rest_route=\/wp\/v2\/media\/424"}],"wp:attachment":[{"href":"https:\/\/if.fo\/index.php?rest_route=%2Fwp%2Fv2%2Fmedia&parent=423"}],"wp:term":[{"taxonomy":"category","embeddable":true,"href":"https:\/\/if.fo\/index.php?rest_route=%2Fwp%2Fv2%2Fcategories&post=423"},{"taxonomy":"post_tag","embeddable":true,"href":"https:\/\/if.fo\/index.php?rest_route=%2Fwp%2Fv2%2Ftags&post=423"}],"curies":[{"name":"wp","href":"https:\/\/api.w.org\/{rel}","templated":true}]}}